{"id":191,"date":"2018-06-26T10:00:00","date_gmt":"2018-06-26T08:00:00","guid":{"rendered":"https:\/\/notredamedesflots-brest.com\/?p=191"},"modified":"2025-03-21T16:21:32","modified_gmt":"2025-03-21T15:21:32","slug":"spectacle-de-fin-dannee","status":"publish","type":"post","link":"https:\/\/notredamedesflots-brest.com\/index.php\/2018\/06\/26\/spectacle-de-fin-dannee\/","title":{"rendered":"Spectacle de fin d&rsquo;ann\u00e9e"},"content":{"rendered":"\n<p>Superbe repr\u00e9sentation de tous les \u00e9l\u00e8ves devant leur famille et le corps enseignant.<\/p>\n\n\n\n<p>Les \u00e9l\u00e8ves ont pr\u00e9sent\u00e9 les sc\u00e8nes embl\u00e9matiques \u00e9crites par Racine, Rostand et Moli\u00e8re. Les spectateurs ont beaucoup ri, m\u00eame si Cyrano a toutefois r\u00e9ussi \u00e0 faire peur \u00e0 un enfant, mettant ainsi en valeur les talents des artistes amateur.<\/p>\n\n\n\n<p>Les \u00e9l\u00e8ves en ont profit\u00e9 pour offrir \u00e0 tous leurs professeurs un petit cadeau de remerciement pour l&rsquo;ann\u00e9e \u00e9coul\u00e9e.<\/p>\n\n\n\n<p>Les 6<sup>\u00e8me<\/sup> ont \u00e9t\u00e9 r\u00e9compens\u00e9s pour leur premi\u00e8re place au concours de perspective.<\/p>\n\n\n\n<figure class=\"wp-block-gallery has-nested-images columns-2 is-cropped wp-block-gallery-1 is-layout-flex wp-block-gallery-is-layout-flex\">\n<figure class=\"wp-block-image size-large\"><img loading=\"lazy\" decoding=\"async\" width=\"1024\" height=\"768\" data-id=\"196\" src=\"https:\/\/notredamedesflots-brest.com\/wp-content\/uploads\/2025\/03\/P6264669-1-1024x768.jpg\" alt=\"\" class=\"wp-image-196\" srcset=\"https:\/\/notredamedesflots-brest.com\/wp-content\/uploads\/2025\/03\/P6264669-1-1024x768.jpg 1024w, https:\/\/notredamedesflots-brest.com\/wp-content\/uploads\/2025\/03\/P6264669-1-scaled-600x450.jpg 600w, https:\/\/notredamedesflots-brest.com\/wp-content\/uploads\/2025\/03\/P6264669-1-300x225.jpg 300w, https:\/\/notredamedesflots-brest.com\/wp-content\/uploads\/2025\/03\/P6264669-1-768x576.jpg 768w, https:\/\/notredamedesflots-brest.com\/wp-content\/uploads\/2025\/03\/P6264669-1-1536x1152.jpg 1536w, https:\/\/notredamedesflots-brest.com\/wp-content\/uploads\/2025\/03\/P6264669-1-2048x1536.jpg 2048w\" sizes=\"auto, (max-width: 1024px) 100vw, 1024px\" \/><\/figure>\n\n\n\n<figure class=\"wp-block-image size-large\"><img loading=\"lazy\" decoding=\"async\" width=\"1024\" height=\"768\" data-id=\"194\" src=\"https:\/\/notredamedesflots-brest.com\/wp-content\/uploads\/2025\/03\/P6264657-1024x768.jpg\" alt=\"\" class=\"wp-image-194\" srcset=\"https:\/\/notredamedesflots-brest.com\/wp-content\/uploads\/2025\/03\/P6264657-1024x768.jpg 1024w, https:\/\/notredamedesflots-brest.com\/wp-content\/uploads\/2025\/03\/P6264657-scaled-600x450.jpg 600w, https:\/\/notredamedesflots-brest.com\/wp-content\/uploads\/2025\/03\/P6264657-300x225.jpg 300w, https:\/\/notredamedesflots-brest.com\/wp-content\/uploads\/2025\/03\/P6264657-768x576.jpg 768w, https:\/\/notredamedesflots-brest.com\/wp-content\/uploads\/2025\/03\/P6264657-1536x1152.jpg 1536w, https:\/\/notredamedesflots-brest.com\/wp-content\/uploads\/2025\/03\/P6264657-2048x1536.jpg 2048w\" sizes=\"auto, (max-width: 1024px) 100vw, 1024px\" \/><\/figure>\n\n\n\n<figure class=\"wp-block-image size-large\"><img loading=\"lazy\" decoding=\"async\" width=\"1024\" height=\"768\" data-id=\"195\" src=\"https:\/\/notredamedesflots-brest.com\/wp-content\/uploads\/2025\/03\/P6264722-1024x768.jpg\" alt=\"\" class=\"wp-image-195\" srcset=\"https:\/\/notredamedesflots-brest.com\/wp-content\/uploads\/2025\/03\/P6264722-1024x768.jpg 1024w, https:\/\/notredamedesflots-brest.com\/wp-content\/uploads\/2025\/03\/P6264722-scaled-600x450.jpg 600w, https:\/\/notredamedesflots-brest.com\/wp-content\/uploads\/2025\/03\/P6264722-300x225.jpg 300w, https:\/\/notredamedesflots-brest.com\/wp-content\/uploads\/2025\/03\/P6264722-768x576.jpg 768w, https:\/\/notredamedesflots-brest.com\/wp-content\/uploads\/2025\/03\/P6264722-1536x1152.jpg 1536w, https:\/\/notredamedesflots-brest.com\/wp-content\/uploads\/2025\/03\/P6264722-2048x1536.jpg 2048w\" sizes=\"auto, (max-width: 1024px) 100vw, 1024px\" \/><\/figure>\n<\/figure>\n\n\n\n<p><\/p>\n","protected":false},"excerpt":{"rendered":"<p>Superbe repr\u00e9sentation de tous les \u00e9l\u00e8ves devant leur famille et le corps enseignant. Les \u00e9l\u00e8ves ont pr\u00e9sent\u00e9 les sc\u00e8nes embl\u00e9matiques \u00e9crites par Racine, Rostand et&#8230;<\/p>\n","protected":false},"author":1,"featured_media":195,"comment_status":"closed","ping_status":"open","sticky":false,"template":"","format":"standard","meta":{"_kad_post_transparent":"","_kad_post_title":"","_kad_post_layout":"","_kad_post_sidebar_id":"","_kad_post_content_style":"","_kad_post_vertical_padding":"","_kad_post_feature":"","_kad_post_feature_position":"","_kad_post_header":false,"_kad_post_footer":false,"_jetpack_memberships_contains_paid_content":false,"footnotes":""},"categories":[4],"tags":[],"class_list":["post-191","post","type-post","status-publish","format-standard","has-post-thumbnail","hentry","category-spectacle"],"jetpack_featured_media_url":"https:\/\/notredamedesflots-brest.com\/wp-content\/uploads\/2025\/03\/P6264722-scaled.jpg","jetpack_sharing_enabled":true,"_links":{"self":[{"href":"https:\/\/notredamedesflots-brest.com\/index.php\/wp-json\/wp\/v2\/posts\/191","targetHints":{"allow":["GET"]}}],"collection":[{"href":"https:\/\/notredamedesflots-brest.com\/index.php\/wp-json\/wp\/v2\/posts"}],"about":[{"href":"https:\/\/notredamedesflots-brest.com\/index.php\/wp-json\/wp\/v2\/types\/post"}],"author":[{"embeddable":true,"href":"https:\/\/notredamedesflots-brest.com\/index.php\/wp-json\/wp\/v2\/users\/1"}],"replies":[{"embeddable":true,"href":"https:\/\/notredamedesflots-brest.com\/index.php\/wp-json\/wp\/v2\/comments?post=191"}],"version-history":[{"count":2,"href":"https:\/\/notredamedesflots-brest.com\/index.php\/wp-json\/wp\/v2\/posts\/191\/revisions"}],"predecessor-version":[{"id":443,"href":"https:\/\/notredamedesflots-brest.com\/index.php\/wp-json\/wp\/v2\/posts\/191\/revisions\/443"}],"wp:featuredmedia":[{"embeddable":true,"href":"https:\/\/notredamedesflots-brest.com\/index.php\/wp-json\/wp\/v2\/media\/195"}],"wp:attachment":[{"href":"https:\/\/notredamedesflots-brest.com\/index.php\/wp-json\/wp\/v2\/media?parent=191"}],"wp:term":[{"taxonomy":"category","embeddable":true,"href":"https:\/\/notredamedesflots-brest.com\/index.php\/wp-json\/wp\/v2\/categories?post=191"},{"taxonomy":"post_tag","embeddable":true,"href":"https:\/\/notredamedesflots-brest.com\/index.php\/wp-json\/wp\/v2\/tags?post=191"}],"curies":[{"name":"wp","href":"https:\/\/api.w.org\/{rel}","templated":true}]}}