{"id":198,"date":"2019-04-02T10:00:00","date_gmt":"2019-04-02T08:00:00","guid":{"rendered":"https:\/\/notredamedesflots-brest.com\/?p=198"},"modified":"2025-03-06T16:40:25","modified_gmt":"2025-03-06T15:40:25","slug":"bol-de-riz","status":"publish","type":"post","link":"https:\/\/notredamedesflots-brest.com\/index.php\/2019\/04\/02\/bol-de-riz\/","title":{"rendered":"Bol de riz"},"content":{"rendered":"\n<p>Le Car\u00eame est l&rsquo;occasion pour les \u00e9l\u00e8ves\u00a0 de faire un repas \u00ab\u00a0bol de riz\u00a0\u00bb au profit des Chr\u00e9tiens d&rsquo;Orient.<\/p>\n\n\n\n<figure class=\"wp-block-gallery has-nested-images columns-default is-cropped wp-block-gallery-1 is-layout-flex wp-block-gallery-is-layout-flex\">\n<figure class=\"wp-block-image size-large\"><img loading=\"lazy\" decoding=\"async\" width=\"1024\" height=\"768\" data-id=\"199\" src=\"https:\/\/notredamedesflots-brest.com\/wp-content\/uploads\/2025\/03\/bol-de-riz1-1024x768.jpg\" alt=\"\" class=\"wp-image-199\" srcset=\"https:\/\/notredamedesflots-brest.com\/wp-content\/uploads\/2025\/03\/bol-de-riz1-1024x768.jpg 1024w, https:\/\/notredamedesflots-brest.com\/wp-content\/uploads\/2025\/03\/bol-de-riz1-600x450.jpg 600w, https:\/\/notredamedesflots-brest.com\/wp-content\/uploads\/2025\/03\/bol-de-riz1-300x225.jpg 300w, https:\/\/notredamedesflots-brest.com\/wp-content\/uploads\/2025\/03\/bol-de-riz1-768x576.jpg 768w, https:\/\/notredamedesflots-brest.com\/wp-content\/uploads\/2025\/03\/bol-de-riz1-1536x1152.jpg 1536w, https:\/\/notredamedesflots-brest.com\/wp-content\/uploads\/2025\/03\/bol-de-riz1.jpg 2016w\" sizes=\"auto, (max-width: 1024px) 100vw, 1024px\" \/><\/figure>\n\n\n\n<figure class=\"wp-block-image size-large\"><img loading=\"lazy\" decoding=\"async\" width=\"1024\" height=\"768\" data-id=\"200\" src=\"https:\/\/notredamedesflots-brest.com\/wp-content\/uploads\/2025\/03\/bol-de-riz2-1024x768.jpg\" alt=\"\" class=\"wp-image-200\" srcset=\"https:\/\/notredamedesflots-brest.com\/wp-content\/uploads\/2025\/03\/bol-de-riz2-1024x768.jpg 1024w, https:\/\/notredamedesflots-brest.com\/wp-content\/uploads\/2025\/03\/bol-de-riz2-600x450.jpg 600w, https:\/\/notredamedesflots-brest.com\/wp-content\/uploads\/2025\/03\/bol-de-riz2-300x225.jpg 300w, https:\/\/notredamedesflots-brest.com\/wp-content\/uploads\/2025\/03\/bol-de-riz2-768x576.jpg 768w, https:\/\/notredamedesflots-brest.com\/wp-content\/uploads\/2025\/03\/bol-de-riz2-1536x1152.jpg 1536w, https:\/\/notredamedesflots-brest.com\/wp-content\/uploads\/2025\/03\/bol-de-riz2.jpg 2016w\" sizes=\"auto, (max-width: 1024px) 100vw, 1024px\" \/><\/figure>\n<\/figure>\n\n\n\n<p><\/p>\n","protected":false},"excerpt":{"rendered":"<p>Le Car\u00eame est l&rsquo;occasion pour les \u00e9l\u00e8ves\u00a0 de faire un repas \u00ab\u00a0bol de riz\u00a0\u00bb au profit des Chr\u00e9tiens d&rsquo;Orient.<\/p>\n","protected":false},"author":1,"featured_media":199,"comment_status":"closed","ping_status":"open","sticky":false,"template":"","format":"standard","meta":{"_kad_post_transparent":"","_kad_post_title":"","_kad_post_layout":"","_kad_post_sidebar_id":"","_kad_post_content_style":"","_kad_post_vertical_padding":"","_kad_post_feature":"","_kad_post_feature_position":"","_kad_post_header":false,"_kad_post_footer":false,"_jetpack_memberships_contains_paid_content":false,"footnotes":""},"categories":[5],"tags":[],"class_list":["post-198","post","type-post","status-publish","format-standard","has-post-thumbnail","hentry","category-periscolaire"],"jetpack_featured_media_url":"https:\/\/notredamedesflots-brest.com\/wp-content\/uploads\/2025\/03\/bol-de-riz1.jpg","jetpack_sharing_enabled":true,"_links":{"self":[{"href":"https:\/\/notredamedesflots-brest.com\/index.php\/wp-json\/wp\/v2\/posts\/198","targetHints":{"allow":["GET"]}}],"collection":[{"href":"https:\/\/notredamedesflots-brest.com\/index.php\/wp-json\/wp\/v2\/posts"}],"about":[{"href":"https:\/\/notredamedesflots-brest.com\/index.php\/wp-json\/wp\/v2\/types\/post"}],"author":[{"embeddable":true,"href":"https:\/\/notredamedesflots-brest.com\/index.php\/wp-json\/wp\/v2\/users\/1"}],"replies":[{"embeddable":true,"href":"https:\/\/notredamedesflots-brest.com\/index.php\/wp-json\/wp\/v2\/comments?post=198"}],"version-history":[{"count":1,"href":"https:\/\/notredamedesflots-brest.com\/index.php\/wp-json\/wp\/v2\/posts\/198\/revisions"}],"predecessor-version":[{"id":201,"href":"https:\/\/notredamedesflots-brest.com\/index.php\/wp-json\/wp\/v2\/posts\/198\/revisions\/201"}],"wp:featuredmedia":[{"embeddable":true,"href":"https:\/\/notredamedesflots-brest.com\/index.php\/wp-json\/wp\/v2\/media\/199"}],"wp:attachment":[{"href":"https:\/\/notredamedesflots-brest.com\/index.php\/wp-json\/wp\/v2\/media?parent=198"}],"wp:term":[{"taxonomy":"category","embeddable":true,"href":"https:\/\/notredamedesflots-brest.com\/index.php\/wp-json\/wp\/v2\/categories?post=198"},{"taxonomy":"post_tag","embeddable":true,"href":"https:\/\/notredamedesflots-brest.com\/index.php\/wp-json\/wp\/v2\/tags?post=198"}],"curies":[{"name":"wp","href":"https:\/\/api.w.org\/{rel}","templated":true}]}}