{"id":215,"date":"2020-10-09T10:00:00","date_gmt":"2020-10-09T08:00:00","guid":{"rendered":"https:\/\/notredamedesflots-brest.com\/?p=215"},"modified":"2025-03-06T16:49:01","modified_gmt":"2025-03-06T15:49:01","slug":"pelerinage-a-rumengol","status":"publish","type":"post","link":"https:\/\/notredamedesflots-brest.com\/index.php\/2020\/10\/09\/pelerinage-a-rumengol\/","title":{"rendered":"P\u00e8lerinage \u00e0 Rumengol"},"content":{"rendered":"\n<p>Vendredi 9 octobre, les coll\u00e9giens sont partis comme chaque ann\u00e9e en p\u00e8lerinage au sanctuaire Notre Dame de Rumengol. Une belle journ\u00e9e ponctu\u00e9e de rires, de jeux, et bien s\u00fbr de topos spirituels.<\/p>\n\n\n\n<figure class=\"wp-block-gallery has-nested-images columns-2 is-cropped wp-block-gallery-1 is-layout-flex wp-block-gallery-is-layout-flex\">\n<figure class=\"wp-block-image size-large\"><img loading=\"lazy\" decoding=\"async\" width=\"628\" height=\"471\" data-id=\"218\" src=\"https:\/\/notredamedesflots-brest.com\/wp-content\/uploads\/2025\/03\/IMG_20201009_125249.avif\" alt=\"\" class=\"wp-image-218\"\/><\/figure>\n\n\n\n<figure class=\"wp-block-image size-large\"><img loading=\"lazy\" decoding=\"async\" width=\"279\" height=\"371\" data-id=\"217\" src=\"https:\/\/notredamedesflots-brest.com\/wp-content\/uploads\/2025\/03\/IMG_20201009_132032.avif\" alt=\"\" class=\"wp-image-217\"\/><\/figure>\n\n\n\n<figure class=\"wp-block-image size-full\"><img loading=\"lazy\" decoding=\"async\" width=\"313\" height=\"235\" data-id=\"219\" src=\"http:\/\/notredamedesflots-brest.com\/wp-content\/uploads\/2025\/03\/IMG_20201009_144216.avif\" alt=\"\" class=\"wp-image-219\"\/><\/figure>\n\n\n\n<figure class=\"wp-block-image size-full\"><img loading=\"lazy\" decoding=\"async\" width=\"345\" height=\"259\" data-id=\"216\" src=\"http:\/\/notredamedesflots-brest.com\/wp-content\/uploads\/2025\/03\/IMG_20201009_140409.avif\" alt=\"\" class=\"wp-image-216\"\/><\/figure>\n<\/figure>\n","protected":false},"excerpt":{"rendered":"<p>Vendredi 9 octobre, les coll\u00e9giens sont partis comme chaque ann\u00e9e en p\u00e8lerinage au sanctuaire Notre Dame de Rumengol. Une belle journ\u00e9e ponctu\u00e9e de rires, de&#8230;<\/p>\n","protected":false},"author":1,"featured_media":216,"comment_status":"closed","ping_status":"open","sticky":false,"template":"","format":"standard","meta":{"_kad_post_transparent":"","_kad_post_title":"","_kad_post_layout":"","_kad_post_sidebar_id":"","_kad_post_content_style":"","_kad_post_vertical_padding":"","_kad_post_feature":"","_kad_post_feature_position":"","_kad_post_header":false,"_kad_post_footer":false,"_jetpack_memberships_contains_paid_content":false,"footnotes":""},"categories":[6],"tags":[],"class_list":["post-215","post","type-post","status-publish","format-standard","has-post-thumbnail","hentry","category-sortie"],"jetpack_featured_media_url":"https:\/\/notredamedesflots-brest.com\/wp-content\/uploads\/2025\/03\/IMG_20201009_140409.avif","jetpack_sharing_enabled":true,"_links":{"self":[{"href":"https:\/\/notredamedesflots-brest.com\/index.php\/wp-json\/wp\/v2\/posts\/215","targetHints":{"allow":["GET"]}}],"collection":[{"href":"https:\/\/notredamedesflots-brest.com\/index.php\/wp-json\/wp\/v2\/posts"}],"about":[{"href":"https:\/\/notredamedesflots-brest.com\/index.php\/wp-json\/wp\/v2\/types\/post"}],"author":[{"embeddable":true,"href":"https:\/\/notredamedesflots-brest.com\/index.php\/wp-json\/wp\/v2\/users\/1"}],"replies":[{"embeddable":true,"href":"https:\/\/notredamedesflots-brest.com\/index.php\/wp-json\/wp\/v2\/comments?post=215"}],"version-history":[{"count":1,"href":"https:\/\/notredamedesflots-brest.com\/index.php\/wp-json\/wp\/v2\/posts\/215\/revisions"}],"predecessor-version":[{"id":220,"href":"https:\/\/notredamedesflots-brest.com\/index.php\/wp-json\/wp\/v2\/posts\/215\/revisions\/220"}],"wp:featuredmedia":[{"embeddable":true,"href":"https:\/\/notredamedesflots-brest.com\/index.php\/wp-json\/wp\/v2\/media\/216"}],"wp:attachment":[{"href":"https:\/\/notredamedesflots-brest.com\/index.php\/wp-json\/wp\/v2\/media?parent=215"}],"wp:term":[{"taxonomy":"category","embeddable":true,"href":"https:\/\/notredamedesflots-brest.com\/index.php\/wp-json\/wp\/v2\/categories?post=215"},{"taxonomy":"post_tag","embeddable":true,"href":"https:\/\/notredamedesflots-brest.com\/index.php\/wp-json\/wp\/v2\/tags?post=215"}],"curies":[{"name":"wp","href":"https:\/\/api.w.org\/{rel}","templated":true}]}}