{"id":463,"date":"2025-03-31T15:53:58","date_gmt":"2025-03-31T13:53:58","guid":{"rendered":"https:\/\/notredamedesflots-brest.com\/?p=463"},"modified":"2025-03-31T15:54:58","modified_gmt":"2025-03-31T13:54:58","slug":"vente-de-printemps-et-portes-ouvertes","status":"publish","type":"post","link":"https:\/\/notredamedesflots-brest.com\/index.php\/2025\/03\/31\/vente-de-printemps-et-portes-ouvertes\/","title":{"rendered":"Vente de printemps et portes-ouvertes"},"content":{"rendered":"\n<p>Votre soutien nous touche en plein c\u0153ur ! <br><br>Gr\u00e2ce \u00e0 vous, notre vente au profit de l\u2019\u00e9cole a d\u00e9pass\u00e9 toutes nos esp\u00e9rances.<br><br>Merci pour votre pr\u00e9sence, vos sourires et votre g\u00e9n\u00e9rosit\u00e9. <br>Cette vente \u00e9tait plus qu\u2019un \u00e9v\u00e9nement : un moment de partage et de foi<\/p>\n\n\n\n<figure class=\"wp-block-gallery has-nested-images columns-default is-cropped wp-block-gallery-1 is-layout-flex wp-block-gallery-is-layout-flex\">\n<figure class=\"wp-block-image size-large\"><img loading=\"lazy\" decoding=\"async\" width=\"768\" height=\"1024\" data-id=\"468\" src=\"https:\/\/notredamedesflots-brest.com\/wp-content\/uploads\/2025\/03\/IMG-20250331-WA0004-768x1024.jpg\" alt=\"\" class=\"wp-image-468\" srcset=\"https:\/\/notredamedesflots-brest.com\/wp-content\/uploads\/2025\/03\/IMG-20250331-WA0004-768x1024.jpg 768w, https:\/\/notredamedesflots-brest.com\/wp-content\/uploads\/2025\/03\/IMG-20250331-WA0004-600x800.jpg 600w, https:\/\/notredamedesflots-brest.com\/wp-content\/uploads\/2025\/03\/IMG-20250331-WA0004-225x300.jpg 225w, https:\/\/notredamedesflots-brest.com\/wp-content\/uploads\/2025\/03\/IMG-20250331-WA0004-1152x1536.jpg 1152w, https:\/\/notredamedesflots-brest.com\/wp-content\/uploads\/2025\/03\/IMG-20250331-WA0004.jpg 1200w\" sizes=\"auto, (max-width: 768px) 100vw, 768px\" \/><\/figure>\n\n\n\n<figure class=\"wp-block-image size-large\"><img loading=\"lazy\" decoding=\"async\" width=\"768\" height=\"1024\" data-id=\"467\" src=\"https:\/\/notredamedesflots-brest.com\/wp-content\/uploads\/2025\/03\/IMG-20250331-WA0003-768x1024.jpg\" alt=\"\" class=\"wp-image-467\" srcset=\"https:\/\/notredamedesflots-brest.com\/wp-content\/uploads\/2025\/03\/IMG-20250331-WA0003-768x1024.jpg 768w, https:\/\/notredamedesflots-brest.com\/wp-content\/uploads\/2025\/03\/IMG-20250331-WA0003-600x800.jpg 600w, https:\/\/notredamedesflots-brest.com\/wp-content\/uploads\/2025\/03\/IMG-20250331-WA0003-225x300.jpg 225w, https:\/\/notredamedesflots-brest.com\/wp-content\/uploads\/2025\/03\/IMG-20250331-WA0003-1152x1536.jpg 1152w, https:\/\/notredamedesflots-brest.com\/wp-content\/uploads\/2025\/03\/IMG-20250331-WA0003.jpg 1200w\" sizes=\"auto, (max-width: 768px) 100vw, 768px\" \/><\/figure>\n\n\n\n<figure class=\"wp-block-image size-large\"><img loading=\"lazy\" decoding=\"async\" width=\"768\" height=\"1024\" data-id=\"466\" src=\"https:\/\/notredamedesflots-brest.com\/wp-content\/uploads\/2025\/03\/IMG-20250331-WA0002-768x1024.jpg\" alt=\"\" class=\"wp-image-466\" srcset=\"https:\/\/notredamedesflots-brest.com\/wp-content\/uploads\/2025\/03\/IMG-20250331-WA0002-768x1024.jpg 768w, https:\/\/notredamedesflots-brest.com\/wp-content\/uploads\/2025\/03\/IMG-20250331-WA0002-600x800.jpg 600w, https:\/\/notredamedesflots-brest.com\/wp-content\/uploads\/2025\/03\/IMG-20250331-WA0002-225x300.jpg 225w, https:\/\/notredamedesflots-brest.com\/wp-content\/uploads\/2025\/03\/IMG-20250331-WA0002-1152x1536.jpg 1152w, https:\/\/notredamedesflots-brest.com\/wp-content\/uploads\/2025\/03\/IMG-20250331-WA0002.jpg 1200w\" sizes=\"auto, (max-width: 768px) 100vw, 768px\" \/><\/figure>\n\n\n\n<figure class=\"wp-block-image size-large\"><img loading=\"lazy\" decoding=\"async\" width=\"768\" height=\"1024\" data-id=\"465\" src=\"https:\/\/notredamedesflots-brest.com\/wp-content\/uploads\/2025\/03\/IMG-20250331-WA0001-768x1024.jpg\" alt=\"\" class=\"wp-image-465\" srcset=\"https:\/\/notredamedesflots-brest.com\/wp-content\/uploads\/2025\/03\/IMG-20250331-WA0001-768x1024.jpg 768w, https:\/\/notredamedesflots-brest.com\/wp-content\/uploads\/2025\/03\/IMG-20250331-WA0001-600x800.jpg 600w, https:\/\/notredamedesflots-brest.com\/wp-content\/uploads\/2025\/03\/IMG-20250331-WA0001-225x300.jpg 225w, https:\/\/notredamedesflots-brest.com\/wp-content\/uploads\/2025\/03\/IMG-20250331-WA0001-1152x1536.jpg 1152w, https:\/\/notredamedesflots-brest.com\/wp-content\/uploads\/2025\/03\/IMG-20250331-WA0001.jpg 1200w\" sizes=\"auto, (max-width: 768px) 100vw, 768px\" \/><\/figure>\n\n\n\n<figure class=\"wp-block-image size-large\"><img loading=\"lazy\" decoding=\"async\" width=\"768\" height=\"1024\" data-id=\"464\" src=\"https:\/\/notredamedesflots-brest.com\/wp-content\/uploads\/2025\/03\/IMG-20250331-WA0000-768x1024.jpg\" alt=\"\" class=\"wp-image-464\" srcset=\"https:\/\/notredamedesflots-brest.com\/wp-content\/uploads\/2025\/03\/IMG-20250331-WA0000-768x1024.jpg 768w, https:\/\/notredamedesflots-brest.com\/wp-content\/uploads\/2025\/03\/IMG-20250331-WA0000-600x800.jpg 600w, https:\/\/notredamedesflots-brest.com\/wp-content\/uploads\/2025\/03\/IMG-20250331-WA0000-225x300.jpg 225w, https:\/\/notredamedesflots-brest.com\/wp-content\/uploads\/2025\/03\/IMG-20250331-WA0000-1152x1536.jpg 1152w, https:\/\/notredamedesflots-brest.com\/wp-content\/uploads\/2025\/03\/IMG-20250331-WA0000.jpg 1200w\" sizes=\"auto, (max-width: 768px) 100vw, 768px\" \/><\/figure>\n<\/figure>\n","protected":false},"excerpt":{"rendered":"<p>Votre soutien nous touche en plein c\u0153ur ! Gr\u00e2ce \u00e0 vous, notre vente au profit de l\u2019\u00e9cole a d\u00e9pass\u00e9 toutes nos esp\u00e9rances. Merci pour votre&#8230;<\/p>\n","protected":false},"author":1,"featured_media":469,"comment_status":"closed","ping_status":"open","sticky":false,"template":"","format":"standard","meta":{"_kad_post_transparent":"","_kad_post_title":"","_kad_post_layout":"","_kad_post_sidebar_id":"","_kad_post_content_style":"","_kad_post_vertical_padding":"","_kad_post_feature":"","_kad_post_feature_position":"","_kad_post_header":false,"_kad_post_footer":false,"_jetpack_memberships_contains_paid_content":false,"footnotes":""},"categories":[7],"tags":[],"class_list":["post-463","post","type-post","status-publish","format-standard","has-post-thumbnail","hentry","category-evenement"],"jetpack_featured_media_url":"https:\/\/notredamedesflots-brest.com\/wp-content\/uploads\/2025\/03\/IMG-20250331-WA0005.jpg","jetpack_sharing_enabled":true,"_links":{"self":[{"href":"https:\/\/notredamedesflots-brest.com\/index.php\/wp-json\/wp\/v2\/posts\/463","targetHints":{"allow":["GET"]}}],"collection":[{"href":"https:\/\/notredamedesflots-brest.com\/index.php\/wp-json\/wp\/v2\/posts"}],"about":[{"href":"https:\/\/notredamedesflots-brest.com\/index.php\/wp-json\/wp\/v2\/types\/post"}],"author":[{"embeddable":true,"href":"https:\/\/notredamedesflots-brest.com\/index.php\/wp-json\/wp\/v2\/users\/1"}],"replies":[{"embeddable":true,"href":"https:\/\/notredamedesflots-brest.com\/index.php\/wp-json\/wp\/v2\/comments?post=463"}],"version-history":[{"count":2,"href":"https:\/\/notredamedesflots-brest.com\/index.php\/wp-json\/wp\/v2\/posts\/463\/revisions"}],"predecessor-version":[{"id":471,"href":"https:\/\/notredamedesflots-brest.com\/index.php\/wp-json\/wp\/v2\/posts\/463\/revisions\/471"}],"wp:featuredmedia":[{"embeddable":true,"href":"https:\/\/notredamedesflots-brest.com\/index.php\/wp-json\/wp\/v2\/media\/469"}],"wp:attachment":[{"href":"https:\/\/notredamedesflots-brest.com\/index.php\/wp-json\/wp\/v2\/media?parent=463"}],"wp:term":[{"taxonomy":"category","embeddable":true,"href":"https:\/\/notredamedesflots-brest.com\/index.php\/wp-json\/wp\/v2\/categories?post=463"},{"taxonomy":"post_tag","embeddable":true,"href":"https:\/\/notredamedesflots-brest.com\/index.php\/wp-json\/wp\/v2\/tags?post=463"}],"curies":[{"name":"wp","href":"https:\/\/api.w.org\/{rel}","templated":true}]}}